{"id":481,"date":"2017-05-18T18:22:53","date_gmt":"2017-05-18T16:22:53","guid":{"rendered":"http:\/\/gpflug.de\/website\/?p=481"},"modified":"2022-10-11T09:34:01","modified_gmt":"2022-10-11T07:34:01","slug":"schwarz-weiss","status":"publish","type":"post","link":"https:\/\/gpflug.de\/website\/2017\/05\/18\/schwarz-weiss\/","title":{"rendered":"Schwarz &#8211; Wei\u00df"},"content":{"rendered":"<p><img loading=\"lazy\" decoding=\"async\" class=\"alignleft size-medium wp-image-804\" src=\"https:\/\/gpflug.de\/website\/wp-content\/uploads\/2017\/05\/IMG_20171113_154135-EFFECTS-225x300.jpg\" alt=\"\" width=\"225\" height=\"300\" srcset=\"https:\/\/gpflug.de\/website\/wp-content\/uploads\/2017\/05\/IMG_20171113_154135-EFFECTS-225x300.jpg 225w, https:\/\/gpflug.de\/website\/wp-content\/uploads\/2017\/05\/IMG_20171113_154135-EFFECTS-768x1024.jpg 768w\" sizes=\"auto, (max-width: 225px) 100vw, 225px\" \/>Ich habe f\u00fcr Nazis nichts \u00fcbrig. Sie haben uns\u00e4gliches Leid \u00fcber Deutschland und die Welt gebracht und speziell was uns Deutsche anbetrifft, haben sie uns unserer Traditionen beraubt. Nehmen wir unsere St\u00e4dte. Sie sind ein Konglomerat aus Baustilen. Manche St\u00e4dte hat es schlimmer getroffen, so wie Magdeburg, Kassel oder viele St\u00e4dtchen im Ruhrgebiet. Manche hatten mehr Gl\u00fcck. Es sind viele Br\u00fcche zu erkennen.<br \/>\nChurchill sagte einmal von den Deutschen: \u201eEntweder sie k\u00fcssen einem die Stiefel oder sie gehen dir an die Kehle.\u201c<!--more--><br \/>\nIch kann nicht beurteilen, ob das in unserem Charakter angelegt ist. Was aber auff\u00e4llt, ist, dass wir es versuchen, jedem recht zu machen. Ich erinnere mich noch an die Fu\u00dfballweltmeisterschaft vor ein paar Jahren hier bei uns. Die G\u00e4ste aus aller Welt sagten: \u201eHey, diese Deutschen haben ja Humor, die k\u00f6nnen ja lachen. Wir f\u00fchlen uns ja richtig wohl hier.\u201c<br \/>\nUnd wir? Wir waren so gl\u00fccklich, dass man uns als humorvoll einstufte. Hinfort durfte dieses Bild nicht mehr getr\u00fcbt werden. Wir mussten alles willkommen hei\u00dfen, was immer auch kam. Auch wenn sich bei der letzten Landtagswahl in NRW in Gelsenkirchen ein AfD \u2013 Stimmenanteil von 15,2 % ergab. Warum wohl? In Gelsenkirchen lebt ein Ausl\u00e4nderanteil von 20%, nicht mitgerechnet die Deutschen mit Migrationshintergrund. Trotzdem werden die Gelsenkirchener zur Willkommenskultur verdonnert. Deutschland traut sich nicht Nein zu sagen. Freundlich sollen wir sein, jeder noch so kleinen Minderheit gegen\u00fcber.<br \/>\nWir trauen uns nicht zu sagen: \u201eIhr k\u00f6nnt gerne herkommen, aber wir waren eher da und deswegen m\u00fcsst ihr euch auch an unsere Gebr\u00e4uche anpassen, dann kann das klappen.\u201c Nein, es hei\u00dft sogar schon (Gott sei Dank nur bei den Gr\u00fcnen), wir m\u00fcssten uns bei uns selbst integrieren. Diese Duckm\u00e4userei haben wir den Nazis zu verdanken. Es darf auf keinen Fall der \u201eh\u00e4ssliche Deutsche\u201c zum Vorschein kommen, denn dann sagen die Anderen gleich, wir seien wieder Nazis.<br \/>\nDieses selbstverst\u00e4ndliche, aus langen Traditionen hergeleitete Selbstbewusstsein anderer Nationen ist uns abhanden gekommen. Wir trauen uns nicht mehr selbstverst\u00e4ndlich zu sagen, dass wir Deutsche sind und zu dem auch stehen. Nein, wir wollen freundliche, willkommensfreundliche, humorvolle, tolerante und was wei\u00df ich noch Deutsche sein. Denn wir sind schuldig, wir waren Nazis. Da ist was schief geworden.<br \/>\nDer Anlass, warum ich das Ganze heute schreibe, ist die momentane Durchforstung des Milit\u00e4rs nach Nazi- und Wehrmachtssymbolen seitens der Verteidigungsministerin von der Leyen.<br \/>\nIn der Helmut-Schmidt-Universit\u00e4t der Bundeswehr h\u00e4ngt ein Bild ihres Namensgebers in Wehrmachtsuniform. Das muss weg, sagt von der Leyen.<\/p>\n<p>Soldat ist kein Beruf wie jeder andere. Da kommt der Tod ins Spiel, anders als beim kaufm\u00e4nnischen Angestellten. Fr\u00fcher tanzten die Krieger Kriegst\u00e4nze vor dem Kampf, um sich Mut zu machen und den Beistand der G\u00f6tter zu erbitten. Die Uniformen waren bunt und schneidig. Das Ego wurde aufgeblasen, damit es dem Gegner gewachsen war. Es wurde auf die lange Tradition von Siegen hingewiesen. \u201eErweist euch euren Vorfahren w\u00fcrdig\u201c, hie\u00df es. Wenn man in England durch kleine Orte f\u00e4hrt und in die Kirchen geht, sieht man Regimentsabzeichen, Andenken an Siege in Malaya und am Kyberpass. Das war das Empire. Glanz und Gloria, auch wenn es Kolonialismus war. Das wei\u00df man heutzutage. Aber deswegen ist man trotzdem stolz auf seine Vergangenheit.<br \/>\nUnsere Bundeswehr ist irgendwie antiseptisch. Die Vergangenheit des deutschen Milit\u00e4rs ist tabu, wobei man den Millionen M\u00e4nnern, die gezwungen waren, zu k\u00e4mpfen Unrecht tut.<br \/>\nWof\u00fcr soll der Bundeswehrler k\u00e4mpfen? F\u00fcr die Heimat? Wer ist Heimat? Gelsenkirchen mit 20 % Ausl\u00e4nderanteil? Mali oder die M\u00e4dchen in Afghanistan, die mal ein paar Jahre in die Schule gehen durften?<br \/>\nIch war nie beim Milit\u00e4r. Ich habe nie ein Gewehr in der Hand gehabt. Aber ich war Junge. Und Jungen (m\u00fcssen) raufen und schlagen sich. So auch ich und das tut weh. Da muss man sich vorher Mut machen, sich aufmanteln, damit man nicht wegl\u00e4uft und f\u00fcr alle Zeiten vor sich und den anderen als Feigling dasteht. Da z\u00e4hlen dann die Erz\u00e4hlungen von V\u00e4tern und Onkeln von ihren K\u00e4mpfen. Das hilft. \u201eSo will ich auch sein\u201c, denkt der Junge. Da brauchts die Traditionen.<br \/>\nOb das Frau von der Leyen als Frau mit einem ganz anderen Rollenverst\u00e4ndnis wei\u00df? Ich bezweifle, dass sie das nachvollziehen kann.<br \/>\nIch denke, dass uns wohl nichts anderes \u00fcbrig bleibt, als trotz unserer gebrochenen Vergangenheit eine Verbindung zu unseren Traditionen herzustellen. Alles andere ist auf Dauer ungesund.<\/p>\n ","protected":false},"excerpt":{"rendered":"<p>Ich habe f\u00fcr Nazis nichts \u00fcbrig. Sie haben uns\u00e4gliches Leid \u00fcber Deutschland und die Welt gebracht und speziell was uns Deutsche anbetrifft, haben sie uns unserer Traditionen beraubt. Nehmen wir unsere St\u00e4dte. Sie sind ein Konglomerat aus Baustilen. Manche St\u00e4dte hat es schlimmer getroffen, so wie Magdeburg, Kassel oder viele St\u00e4dtchen im Ruhrgebiet. Manche hatten &hellip; <\/p>\n<p class=\"link-more\"><a href=\"https:\/\/gpflug.de\/website\/2017\/05\/18\/schwarz-weiss\/\" class=\"more-link\"><span class=\"screen-reader-text\">\u201eSchwarz &#8211; Wei\u00df\u201c <\/span>weiterlesen<\/a><\/p>\n","protected":false},"author":2,"featured_media":0,"comment_status":"closed","ping_status":"closed","sticky":false,"template":"","format":"standard","meta":{"slim_seo":{"title":"Schwarz - Wei\u00df - Yoga Life Gerhard Pflug","description":"Ich habe f\u00fcr Nazis nichts \u00fcbrig. Sie haben uns\u00e4gliches Leid \u00fcber Deutschland und die Welt gebracht und speziell was uns Deutsche anbetrifft, haben sie uns unser"},"footnotes":""},"categories":[5],"tags":[],"class_list":["post-481","post","type-post","status-publish","format-standard","hentry","category-kategorie-1"],"_links":{"self":[{"href":"https:\/\/gpflug.de\/website\/wp-json\/wp\/v2\/posts\/481","targetHints":{"allow":["GET"]}}],"collection":[{"href":"https:\/\/gpflug.de\/website\/wp-json\/wp\/v2\/posts"}],"about":[{"href":"https:\/\/gpflug.de\/website\/wp-json\/wp\/v2\/types\/post"}],"author":[{"embeddable":true,"href":"https:\/\/gpflug.de\/website\/wp-json\/wp\/v2\/users\/2"}],"replies":[{"embeddable":true,"href":"https:\/\/gpflug.de\/website\/wp-json\/wp\/v2\/comments?post=481"}],"version-history":[{"count":6,"href":"https:\/\/gpflug.de\/website\/wp-json\/wp\/v2\/posts\/481\/revisions"}],"predecessor-version":[{"id":3020,"href":"https:\/\/gpflug.de\/website\/wp-json\/wp\/v2\/posts\/481\/revisions\/3020"}],"wp:attachment":[{"href":"https:\/\/gpflug.de\/website\/wp-json\/wp\/v2\/media?parent=481"}],"wp:term":[{"taxonomy":"category","embeddable":true,"href":"https:\/\/gpflug.de\/website\/wp-json\/wp\/v2\/categories?post=481"},{"taxonomy":"post_tag","embeddable":true,"href":"https:\/\/gpflug.de\/website\/wp-json\/wp\/v2\/tags?post=481"}],"curies":[{"name":"wp","href":"https:\/\/api.w.org\/{rel}","templated":true}]}}