{"id":4386,"date":"2026-03-26T08:28:24","date_gmt":"2026-03-26T07:28:24","guid":{"rendered":"https:\/\/gpflug.de\/website\/?p=4386"},"modified":"2026-03-26T08:28:24","modified_gmt":"2026-03-26T07:28:24","slug":"die-lampe-des-schusters","status":"publish","type":"post","link":"https:\/\/gpflug.de\/website\/2026\/03\/26\/die-lampe-des-schusters\/","title":{"rendered":"Die Lampe des Schusters"},"content":{"rendered":"<figure id=\"attachment_4388\" aria-describedby=\"caption-attachment-4388\" style=\"width: 218px\" class=\"wp-caption alignleft\"><img loading=\"lazy\" decoding=\"async\" class=\"size-medium wp-image-4388\" src=\"https:\/\/gpflug.de\/website\/wp-content\/uploads\/2026\/03\/IMG_20180208_160627-218x300.jpg\" alt=\"Edf\" width=\"218\" height=\"300\" srcset=\"https:\/\/gpflug.de\/website\/wp-content\/uploads\/2026\/03\/IMG_20180208_160627-218x300.jpg 218w, https:\/\/gpflug.de\/website\/wp-content\/uploads\/2026\/03\/IMG_20180208_160627-743x1024.jpg 743w, https:\/\/gpflug.de\/website\/wp-content\/uploads\/2026\/03\/IMG_20180208_160627-768x1058.jpg 768w, https:\/\/gpflug.de\/website\/wp-content\/uploads\/2026\/03\/IMG_20180208_160627-1115x1536.jpg 1115w, https:\/\/gpflug.de\/website\/wp-content\/uploads\/2026\/03\/IMG_20180208_160627-1487x2048.jpg 1487w, https:\/\/gpflug.de\/website\/wp-content\/uploads\/2026\/03\/IMG_20180208_160627-scaled.jpg 1858w\" sizes=\"auto, (max-width: 218px) 100vw, 218px\" \/><figcaption id=\"caption-attachment-4388\" class=\"wp-caption-text\">edf<\/figcaption><\/figure>\n<p>Im G\u00f6rlitz des 16. Jahrhunderts lebte ein Schuster namens Jakob B\u00f6hme. Einst sa\u00df er in seiner Schusterstube und arbeitete.<\/p>\n<p>Alte Leute kennen diese Schusterwerkst\u00e4tten noch. Sie waren klein. Der Schuster sa\u00df auf einem Schemel an einem niedrigen Tisch Es war au\u00dferhalb des Tisches immer etwas halbdunkel, weil nur eine Schirmlampe herabhing, die lediglich das unmittelbare Arbeitsumfeld beleuchtete.<\/p>\n<p>Fr\u00fcher, zu B\u00f6hmes Zeiten, gab es nat\u00fcrlich noch kein elektrisches Licht. Man beleuchtete mit \u00d6l, Talg, Waltran oder Wachs. Um die Leuchtkraft zu verst\u00e4rken, hatte man seitlich der Flamme einen Spiegel oder eine reflektierende Blechscheibe angebracht.<\/p>\n<p>Eines Tages nun sa\u00df Meister B\u00f6hme bei der Arbeit und sah dabei, wie so oft vorher, von seiner T\u00e4tigkeit auf und sah den Lichtschein, den die Lampe an die dunkle Wand der Werkstatt warf.<\/p>\n<p>Diesmal allerdings war es anders. Blitzartig \u00fcberkam ihn die Erkenntnis, dass das Licht ohne die es umgebende Dunkelheit nicht sichtbar w\u00e4re.<!--more--><\/p>\n<p>Aus B\u00f6hme wurde einer der profundesten Mystiker und Philosophen seiner Zeit. Er erkannte, dass das Sein in Gegens\u00e4tzen stattfand. Die ganze Sch\u00f6pfung ist ein dynamischer Prozess zwischen den Gegens\u00e4tzen.<\/p>\n<p>Das sogenannte B\u00f6se ist ein Teil des G\u00f6ttlichen. Gott ist nicht nur Liebe und Klarheit, sondern auch Strenge und Zorn.<\/p>\n<p>Das Leben findet zwischen diesen Gegens\u00e4tzen statt. Auch wir Menschen tragen diese Gegens\u00e4tze in uns. Wir m\u00fcssen uns dar\u00fcber klar sein, dass wir weder das eine, noch das andere Moment in uns eliminieren k\u00f6nnen.<\/p>\n<p>Aus diesen Antagonismen entwickelt sich die Energie, die dunklen Elemente zu verwandeln.<\/p>\n<p>Besonders zu Weihnachten, zu den \u00fcppigen Festtagen, wird immer wieder eine alte Volksweisheit zitiert: \u201eEs ist nichts schlimmer zu ertragen, als eine Reihe von guten Tagen.\u201c<\/p>\n<p>Wenn die Feiertage um sind, kehren alle, zwar mit einigem Bedauern in die Alltagswelt zur\u00fcck, aber auch ein bisschen froh, dass das Wohlleben wieder vorbei ist. Eine \u00e4hnliche Erfahrung machen auch Kreuzfahrttouristen nach einer Woche \u00fcppiger Buffetrestaurants.<\/p>\n<p>B\u00f6hmes Ideen finden wir auch bei Hegel. Ebenfalls hier der Gedanke, dass es ohne Konflikt zu keiner Entwicklung kommt.<\/p>\n<p>F\u00fcr das t\u00e4gliche Leben bedeutet das, dass es Energieverschwendung ist, sich zu gr\u00e4men, wenn wieder eine dunkle Seite in uns an die Oberfl\u00e4che gekommen ist. Sie ist nichts anderes als der notwendige \u201eTreibsatz\u201c f\u00fcr unseren weiteren Entwicklungsprozess.<\/p>\n<p>Es geht darum, von dem Gut und Schlecht-Denken wegzukommen. Das bringt nichts anderes als Energielosigkeit und Selbstmitleid.<\/p>\n<p>In dem indischen Epos Ramayana wird das Leben von Rama, einer Inkarnation Vishnus geschildert.<\/p>\n<p>Er erscheint uns jedoch nicht als Gott, sondern als Mensch, der wahrlich vieles zu durchleiden hat. Durch Intrigen einer der Ehefrauen seines k\u00f6nigliche Vaters wird er, der rechtm\u00e4\u00dfige Thronfolger, mit seiner Frau Sita f\u00fcr Jahrzehnte in den Dschungel verbannt.<\/p>\n<p>Dann erregt die Sch\u00f6nheit Sitas die Gier des D\u00e4mons Ravana, der sie nach Lanka (heute Sri Lanka) entf\u00fchrt. Zusammen mit dem treuen Affenk\u00f6nig Hanuman gelingt ihm in kriegerischer Auseinandersetzung Sitas Befreiung. Schlie\u00dflich kehrt er zur\u00fcck an den K\u00f6nigshof und nimmt seinen rechtm\u00e4\u00dfigen Platz ein.<\/p>\n<p>All dies tr\u00e4gt er in Gleichmut als Teil des Daseins. Wir waren ja nicht dabei, vielleicht hat auch er ab und zu gedacht: \u201eSo ein Mist!\u201c Wir wissen es nicht.<\/p>\n<p>Wir k\u00f6nnen diese Geschichte und die Gedanken B\u00f6hmes aber zum Anlass nehmen, unser allzuleicht ge\u00e4u\u00dfertes Gemecker \u00fcber alles und jedes zu reduzieren.<\/p>\n<p>\u201eJetzt muss ich das schon wieder machen. Das Unkraut hab&#8216; ich doch erst letzte Woche gej\u00e4tet. Kochen muss ich auch noch usw. usw.\u201c<\/p>\n<p>Es ist alles so unn\u00f6tig! Es verschwindet ja nicht. Wenn es verschwunden ist, bist du tot!<\/p>\n ","protected":false},"excerpt":{"rendered":"<p>Im G\u00f6rlitz des 16. Jahrhunderts lebte ein Schuster namens Jakob B\u00f6hme. Einst sa\u00df er in seiner Schusterstube und arbeitete. Alte Leute kennen diese Schusterwerkst\u00e4tten noch. Sie waren klein. Der Schuster sa\u00df auf einem Schemel an einem niedrigen Tisch Es war au\u00dferhalb des Tisches immer etwas halbdunkel, weil nur eine Schirmlampe herabhing, die lediglich das unmittelbare &hellip; <\/p>\n<p class=\"link-more\"><a href=\"https:\/\/gpflug.de\/website\/2026\/03\/26\/die-lampe-des-schusters\/\" class=\"more-link\"><span class=\"screen-reader-text\">\u201eDie Lampe des Schusters\u201c <\/span>weiterlesen<\/a><\/p>\n","protected":false},"author":2,"featured_media":0,"comment_status":"closed","ping_status":"closed","sticky":false,"template":"","format":"standard","meta":{"slim_seo":{"title":"Die Lampe des Schusters - Yoga Life Gerhard Pflug","description":"edf Im G\u00f6rlitz des 16. Jahrhunderts lebte ein Schuster namens Jakob B\u00f6hme. Einst sa\u00df er in seiner Schusterstube und arbeitete. Alte Leute kennen diese Schusterw"},"footnotes":""},"categories":[6,11,12,8],"tags":[],"class_list":["post-4386","post","type-post","status-publish","format-standard","hentry","category-kategorie-2","category-psychologie","category-religion","category-kategorie-3"],"_links":{"self":[{"href":"https:\/\/gpflug.de\/website\/wp-json\/wp\/v2\/posts\/4386","targetHints":{"allow":["GET"]}}],"collection":[{"href":"https:\/\/gpflug.de\/website\/wp-json\/wp\/v2\/posts"}],"about":[{"href":"https:\/\/gpflug.de\/website\/wp-json\/wp\/v2\/types\/post"}],"author":[{"embeddable":true,"href":"https:\/\/gpflug.de\/website\/wp-json\/wp\/v2\/users\/2"}],"replies":[{"embeddable":true,"href":"https:\/\/gpflug.de\/website\/wp-json\/wp\/v2\/comments?post=4386"}],"version-history":[{"count":2,"href":"https:\/\/gpflug.de\/website\/wp-json\/wp\/v2\/posts\/4386\/revisions"}],"predecessor-version":[{"id":4389,"href":"https:\/\/gpflug.de\/website\/wp-json\/wp\/v2\/posts\/4386\/revisions\/4389"}],"wp:attachment":[{"href":"https:\/\/gpflug.de\/website\/wp-json\/wp\/v2\/media?parent=4386"}],"wp:term":[{"taxonomy":"category","embeddable":true,"href":"https:\/\/gpflug.de\/website\/wp-json\/wp\/v2\/categories?post=4386"},{"taxonomy":"post_tag","embeddable":true,"href":"https:\/\/gpflug.de\/website\/wp-json\/wp\/v2\/tags?post=4386"}],"curies":[{"name":"wp","href":"https:\/\/api.w.org\/{rel}","templated":true}]}}