{"id":4013,"date":"2025-07-15T19:29:24","date_gmt":"2025-07-15T17:29:24","guid":{"rendered":"https:\/\/gpflug.de\/website\/?p=4013"},"modified":"2025-07-16T07:09:55","modified_gmt":"2025-07-16T05:09:55","slug":"das-peter-prinzip","status":"publish","type":"post","link":"https:\/\/gpflug.de\/website\/2025\/07\/15\/das-peter-prinzip\/","title":{"rendered":"Das Peter-Prinzip"},"content":{"rendered":"<p><img loading=\"lazy\" decoding=\"async\" class=\"alignleft size-medium wp-image-4015\" src=\"https:\/\/gpflug.de\/website\/wp-content\/uploads\/2025\/07\/IMG_20240415_133016-225x300.jpg\" alt=\"Img 20240415 133016\" width=\"225\" height=\"300\" srcset=\"https:\/\/gpflug.de\/website\/wp-content\/uploads\/2025\/07\/IMG_20240415_133016-225x300.jpg 225w, https:\/\/gpflug.de\/website\/wp-content\/uploads\/2025\/07\/IMG_20240415_133016-768x1024.jpg 768w, https:\/\/gpflug.de\/website\/wp-content\/uploads\/2025\/07\/IMG_20240415_133016-1152x1536.jpg 1152w, https:\/\/gpflug.de\/website\/wp-content\/uploads\/2025\/07\/IMG_20240415_133016-1536x2048.jpg 1536w, https:\/\/gpflug.de\/website\/wp-content\/uploads\/2025\/07\/IMG_20240415_133016-scaled.jpg 1920w\" sizes=\"auto, (max-width: 225px) 100vw, 225px\" \/>Kennen Sie das Peter-Prinzip?<\/p>\n<p>Konkret besagt das Peter-Prinzip: Jeder Besch\u00e4ftigte neigt dazu, in einer Hierarchie bis zu seinem Level der Unf\u00e4higkeit aufzusteigen (im englischen Original: \u201eIn a hierarchy every employee tends to rise to his level of incompetence\u201c). (Jochen Mai, 01.02.2025 in \u201eKarriere Bibel\u201c).<\/p>\n<p>Ich war einmal das, was man heutzutage als Alt-68er bezeichnet. Wir marschierten gegen den Vietnamkrieg. Selbstverst\u00e4ndlich war ich gegen Atomkraft und die Wiederaufbereitungsanlage in Wackersdorf. Damals habe ich in unserem St\u00e4dtchen sogar eine B\u00fcrgerinitiative ins Leben gerufen. Ich bin auf der Autobahn 10 km nach Bonn hineingelaufen, um gegen die Nachr\u00fcstung mit Pershing II Raketen anl\u00e4sslich des Besuchs des damaligen US-Vizepr\u00e4sidenten George Bush ( nicht der Dabbelju) zu demonstrieren. Und als Rudi Dutschke angeschossen wurde, brach f\u00fcr mich (uns) eine Welt zusammen.<\/p>\n<p>Unser Leitspruch, ausgegeben von Dutschke war \u201eder Marsch durch die Institutionen\u201c, um die konservativen Strukturen zu unterwandern und zu ver\u00e4ndern.<\/p>\n<p>Dieses Ziel wurde (leider) voll und ganz erreicht. Die Klammer im letzten Satz signalisiert, dass ich heute anderer Meinung bin. Die damalige Bewegung hat in unserem Land bewirkt, dass inzwischen Ideologie an die Stelle des Verstands ger\u00fcckt ist. Alle Schaltstellen in Politik und Medien sind von linken Ideologen besetzt, die Argumenten nicht mehr zug\u00e4nglich sind.<\/p>\n<p>Dies zeigt sich f\u00fcr mich am deutlichsten in drei Bereichen.<\/p>\n<p>An erster Stelle steht f\u00fcr mich diese wahnwitzige Energiepolitik. Wer mit offenen Augen durch die Natur geht, sieht die Zerst\u00f6rung der Landschaft immer weiter fortschreiten. Riesige Solaranlagen zerst\u00f6ren Boden und Windr\u00e4der zerst\u00f6ren ganze W\u00e4lder. Am schmerzlichsten ist dies im Reinhardswald mit seinen uralten Eichen zu sehen. Fakt ist, man kann Zehntausende Windr\u00e4der und Photovoltaikanlagen bauen, solange keine Speicherm\u00f6glichkeiten vorhanden sind, so lange m\u00fcssen Kohle-und Gaskraftwerke betrieben werden. Selbst wenn irgendwann Batterien entwickelt werden, gibt es Grenzen. Das sind ja dann keine Taschenlampenbatterien, sondern hausgro\u00dfe Anlagen, die massenhaft im Land herumstehen w\u00fcrden.<\/p>\n<p>An zweiter Stelle sehe ich die ebenfalls wahnwitzige Migrationspolitik. Es werden Zehntausende ins Land gelassen, die eigentlich keinen Anspruch darauf haben, der durch die Asylgesetze abgedeckt ist. Die Auswirkungen sind vielf\u00e4ltig. Kinder werden nicht mehr in die Natur zum Spielen gelassen.<\/p>\n<p>Das Schulsystem steht vor dem Zusammenbruch, wenn 2\/3 der Klasse der deutschen Sprache nicht m\u00e4chtig sind usw. Das hat nichts mit Rassismus zu tun, aber wenn man durch Stadtteile geht und sieht nur eine handvoll Deutsche, ist es einfach zu viel.<\/p>\n<p>An dritter Stelle steht die nicht weniger wahnwitzige Ukrainepolitik. Der Bundeskanzler hat k\u00fcrzlich erkl\u00e4rt:\u201eDie Mittel der Diplomatie sind ausgesch\u00f6pft\u201c. Dabei wurde kein einziger Versuch unternommen, eine Verst\u00e4ndigung herbeizuf\u00fchren. Also bleibt nur der Krieg, der langsam zu unserem Krieg wird. Die absurde Politik von Baerbock wird widerspruchslos fortgef\u00fchrt. Man glaubt offensichtlich, dass man Russland besiegen kann. Das ist Wahnsinn! Dazu f\u00e4llt mir nur noch diese Zeile aus dem Lied von Hans Baumann ein:<\/p>\n<p>&#8230;Wir werden weiter marschieren<br \/>\nWenn alles in Scherben f\u00e4llt&#8230;<\/p>\n<p>Und damit w\u00e4ren wir bei unserem Kanzler, Herrn Friedrich Merz, der m.E. die Stufe erreicht hat, von der Laurence J. Peter spricht. Er mag ja ein guter Black Rock Manager gewesen sein, aber in seiner jetzigen Position verh\u00e4lt er sich einfach unintelligent.<\/p>\n<p>Das fing schon damit an, dass er sich von den Linken, Gr\u00fcnen und der SPD in diesen Brandmauerbeschluss hineintreiben lie\u00df. Selbst wenn er mit der AfD nichts am Hut hat, beraubte er sich jeglicher politischen Gestaltungsm\u00f6glichkeit. Man kann sich doch nicht von anderen Parteien seine Politik bestimmen lassen. Jetzt k\u00f6nnen sie ihn nach Belieben vor sich her treiben. Im Grunde ist er nun gezwungen, die Politik der Anderen zu machen. Dabei verliert er zunehmend den R\u00fcckhalt in der eigenen Partei, was man an dem Desaster bei der Aufstellung dieser linken Juristin als Richterin am BVG sah.<\/p>\n<p>Jetzt treibt er Deutschland in einen aussichtslosen Krieg hinein. Letzte Woche sprach ein Generalmajor der Bundeswehr in Felduniform aus der Ukraine im Fernsehen. Wir werden Mittelstreckenraketen liefern, zu deren Bedienung Bundeswehrsoldaten in die Ukraine geschickt werden.<\/p>\n<p>Die Amerikaner schickten zuerst auch sogenannte Berater nach Vietnam. Der weitere Verlauf ist bekannt.<\/p>\n<p>Offiziell begann der Ukrainekrieg im Februar 2022. Das sind drei Jahre. Der Erste Weltkrieg dauerte vier Jahre. Danach kamen die Nazis. Sehen wir, was passiert, wenn die Ukraine vollkommen in Scherben liegt.<\/p>\n ","protected":false},"excerpt":{"rendered":"<p>Kennen Sie das Peter-Prinzip? Konkret besagt das Peter-Prinzip: Jeder Besch\u00e4ftigte neigt dazu, in einer Hierarchie bis zu seinem Level der Unf\u00e4higkeit aufzusteigen (im englischen Original: \u201eIn a hierarchy every employee tends to rise to his level of incompetence\u201c). (Jochen Mai, 01.02.2025 in \u201eKarriere Bibel\u201c). Ich war einmal das, was man heutzutage als Alt-68er bezeichnet. Wir &hellip; <\/p>\n<p class=\"link-more\"><a href=\"https:\/\/gpflug.de\/website\/2025\/07\/15\/das-peter-prinzip\/\" class=\"more-link\"><span class=\"screen-reader-text\">\u201eDas Peter-Prinzip\u201c <\/span>weiterlesen<\/a><\/p>\n","protected":false},"author":2,"featured_media":0,"comment_status":"closed","ping_status":"closed","sticky":false,"template":"","format":"standard","meta":{"slim_seo":{"title":"Das Peter-Prinzip - Yoga Life Gerhard Pflug","description":"Kennen Sie das Peter-Prinzip? Konkret besagt das Peter-Prinzip: Jeder Besch\u00e4ftigte neigt dazu, in einer Hierarchie bis zu seinem Level der Unf\u00e4higkeit aufzustei"},"footnotes":""},"categories":[5],"tags":[],"class_list":["post-4013","post","type-post","status-publish","format-standard","hentry","category-kategorie-1"],"_links":{"self":[{"href":"https:\/\/gpflug.de\/website\/wp-json\/wp\/v2\/posts\/4013","targetHints":{"allow":["GET"]}}],"collection":[{"href":"https:\/\/gpflug.de\/website\/wp-json\/wp\/v2\/posts"}],"about":[{"href":"https:\/\/gpflug.de\/website\/wp-json\/wp\/v2\/types\/post"}],"author":[{"embeddable":true,"href":"https:\/\/gpflug.de\/website\/wp-json\/wp\/v2\/users\/2"}],"replies":[{"embeddable":true,"href":"https:\/\/gpflug.de\/website\/wp-json\/wp\/v2\/comments?post=4013"}],"version-history":[{"count":4,"href":"https:\/\/gpflug.de\/website\/wp-json\/wp\/v2\/posts\/4013\/revisions"}],"predecessor-version":[{"id":4018,"href":"https:\/\/gpflug.de\/website\/wp-json\/wp\/v2\/posts\/4013\/revisions\/4018"}],"wp:attachment":[{"href":"https:\/\/gpflug.de\/website\/wp-json\/wp\/v2\/media?parent=4013"}],"wp:term":[{"taxonomy":"category","embeddable":true,"href":"https:\/\/gpflug.de\/website\/wp-json\/wp\/v2\/categories?post=4013"},{"taxonomy":"post_tag","embeddable":true,"href":"https:\/\/gpflug.de\/website\/wp-json\/wp\/v2\/tags?post=4013"}],"curies":[{"name":"wp","href":"https:\/\/api.w.org\/{rel}","templated":true}]}}