{"id":3146,"date":"2023-01-26T19:14:02","date_gmt":"2023-01-26T18:14:02","guid":{"rendered":"https:\/\/gpflug.de\/website\/?p=3146"},"modified":"2023-01-26T19:32:33","modified_gmt":"2023-01-26T18:32:33","slug":"das-gebrochene-volk","status":"publish","type":"post","link":"https:\/\/gpflug.de\/website\/2023\/01\/26\/das-gebrochene-volk\/","title":{"rendered":"Das gebrochene Volk"},"content":{"rendered":"<p><img loading=\"lazy\" decoding=\"async\" class=\"alignleft size-medium wp-image-3148\" src=\"https:\/\/gpflug.de\/website\/wp-content\/uploads\/2023\/01\/IMG_20230126_163944-300x225.jpg\" alt=\"IMG_20230126_163944\" width=\"300\" height=\"225\" srcset=\"https:\/\/gpflug.de\/website\/wp-content\/uploads\/2023\/01\/IMG_20230126_163944-300x225.jpg 300w, https:\/\/gpflug.de\/website\/wp-content\/uploads\/2023\/01\/IMG_20230126_163944-1024x768.jpg 1024w, https:\/\/gpflug.de\/website\/wp-content\/uploads\/2023\/01\/IMG_20230126_163944-768x576.jpg 768w, https:\/\/gpflug.de\/website\/wp-content\/uploads\/2023\/01\/IMG_20230126_163944-1536x1152.jpg 1536w, https:\/\/gpflug.de\/website\/wp-content\/uploads\/2023\/01\/IMG_20230126_163944-2048x1536.jpg 2048w\" sizes=\"auto, (max-width: 300px) 100vw, 300px\" \/>Indien feiert heute den Republic Day. Am 26.Januar 1950 bekam das erst unabh\u00e4ngig gewordene Land seine erste Verfassung.<\/p>\n<p>Auf dem Bild sehen Sie Sadhguru, einen weltweit bekannten indischen spirituellen Lehrer und Aktivist vor tausenden seiner Anh\u00e4nger die indische Fahne schwingen. Er geh\u00f6rt\u00a0 keiner Partei an. Auch nicht der nationalistischen Hindupartei Bharatiya Janata des Ministerpr\u00e4sidenten Modi.<\/p>\n<p>Nein, es ist einfach das gute Gef\u00fchl, wohl auch der Stolz, einer Gemeinschaft anzugeh\u00f6ren, die nach vorne schaut, die stolz auf ihre Vergangenheit und auf ihre lange Tradition ist.<\/p>\n<p>Man darf die Begriffe Nationalismus und Nation nicht verwechseln. Der Erstere stellt sich \u00fcber andere. Der zweite ist Identit\u00e4t stiftend. Er schafft ein Gef\u00fchl von Zugeh\u00f6rigkeit und Vertrauen.<\/p>\n<p>Wenn ich mir ansehe, wohin unser Land getrieben wird, \u00fcberf\u00e4llt mich ein Gef\u00fchl der Trauer.<!--more--><\/p>\n<p>Sehen wir einmal hin, was vorgeht.<\/p>\n<p>Es f\u00e4llt auf, wie viele Dokumentationen und Filme \u00fcber die Nazizeit im TV gesendet werden. Vordergr\u00fcndig erz\u00e4hlt man uns, dass die Geschichte wach gehalten werden muss, um zu verhindern, dass so etwas nie wieder passiert.<\/p>\n<p>Nun, der Mensch hat noch nie aus der Geschichte gelernt. Ich h\u00f6re noch, wie man in den 50er Jahren gerufen hat: \u201eNie wieder!\u201c Und wo stehen wir heute? Eine verblendete Minderheit aus dem rot-gr\u00fcnen Spektrum f\u00fchrt das Land in einen Krieg gegen Russland, der nie zu gewinnen ist, und der nach Tausenden von Toten und gro\u00dfer Zerst\u00f6rung irgendwann einmal versickern wird.<\/p>\n<p>Sie sind zu dumm oder auch ungebildet, um zu erkennen, dass sie sich zum B\u00fcttel des Erzimperialisten USA machen, die wieder einmal im globalen Spiel ihren Einflussbereich erweitern wollen. Da Russland das nicht dulden konnte, schob es dem einen Riegel vor.<\/p>\n<p>Dieses krampfhafte Wachhalten von Ereignissen, deren Ende nun 78 Jahre zur\u00fcck liegt, hat den Grund, dem Volk zu sagen: \u201eIhr tragt Schuld, und f\u00fcr diese Schuld m\u00fcsst ihr zahlen und immer wieder zahlen. Eure Identit\u00e4t ist auf Verbrechen begr\u00fcndet, deswegen m\u00fcsst ihr sie aufgeben und irgendeine verwaschene bunte Multikultiideologie akzeptieren.<\/p>\n<p>Nehmen wir nur als Beispiel die Vorg\u00e4nge um das Berliner Stadtschloss, dem Humboldforum. Dort ist der Spruch zu lesen: \u201eDass in dem Namen Jesu sich beugen sollen aller derer Knie, die im Himmel und auf Erden und unter der Erde sind.\u201c Oben auf der Kuppel ist auch ein Kreuz zu sehen.<\/p>\n<p>Beides st\u00f6rt die \u201eBunten\u201c mit ihrem Sprachrohr Claudia Roth. Das Christentum sei eine Ideologie, die den Kolonialismus hervorgebracht habe und auch ein Symbol der \u00dcberlegenheit \u00fcber Andere.<\/p>\n<p>Dem ist entgegen zu setzen, dass alle Religionen und Ismen, die fanatisch verfolgt werden, gewaltt\u00e4tig sind.<\/p>\n<p>Aber nichts desto weniger ist es doch ein Fixpunkt unserer Kultur, unseres Rechts-und Gesellschaftsverst\u00e4ndnisses und unserer Identit\u00e4t. Zudem gibt es mittlerweile mehr Christen au\u00dferhalb Europas als innerhalb, und f\u00fcr viele ist es eben gerade nicht eine Ideologie der Unterdr\u00fcckung, sondern der Befreiung, zum Beispiel f\u00fcr Hindus, die der Gewalt der Diskriminierung in den niederen Kasten entfliehen wollen.<\/p>\n<p>Ich zitiere hier sinngem\u00e4\u00df einen Ausspruch der bekannten Kabarettistin Monika Gruber: \u201eIch h\u00e4tte nie gedacht, dass ich mich als Liberal-Konservative einmal am rechtsextremen Rand des politischen Spektrums wieder finden w\u00fcrde.\u201c So wie ihr geht es Vielen. Es gibt heute mehr \u201eNazis\u201c als zur Nazizeit. Nazis sind alle, die sagen: \u201eIch bin Deutscher, ich liebe dieses Land, es geh\u00f6rt zu meiner Identit\u00e4t und es ist meine Heimat.\u201c<\/p>\n<p>Es wird an vielen Fronten gek\u00e4mpft. Auch an der Sprachfront. Sprache ist Identit\u00e4t. Jeder kennt den Spruch: \u201eDem Volk aufs Maul schauen.\u201c Heute wird versucht, dem Volk die Sprache, also sein Sosein, vorzuschreiben. Das muss man sich einmal auf der Zunge zergehen lassen. Es wird versucht, anzuordnen, wie man zu sprechen hat. Das ist noch schlimmer als der Einbruch ins Badezimmer mit der Anweisung, doch gef\u00e4lligst einen Waschlappen zu benutzen statt der Dusche.<\/p>\n<p>\u201eEine spezifisch deutsche Kultur ist, jenseits der Sprache, schlicht nicht identifizierbar.\u201c, sagte Aydan \u00d6zoguz, SPD, Integrationsbeauftragte.<\/p>\n<p>So m\u00f6chten sie das! Ich frage mich nur, warum jedem Eingewanderten und jedem Land, Stamm oder Volksgruppe weltweit von unseren gegenw\u00e4rtig Regierenden eine eigene Identit\u00e4t und Kultur zugestanden wird? Nur wir, die Aborigines in diesem Land sollen \u201et\u00fcrkisch lernen\u201c (Katrin Dagmar G\u00f6ring-Eckardt)<br \/>\nMeine These ist: Damit die Deutschen das alles brav akzeptieren, m\u00fcssen sie \u201ein Schuld\u201c gehalten werden. Dieses Rezept hat die katholische Kirche seit Jahrhunderten ausgefeilt und praktiziert. Und es hat funktioniert \u2013 bis sich die Menschen davon emanzipierten.<br \/>\nAuch die Deutschen m\u00fcssen sich von diesen Schuldgef\u00fchlen emanzipieren.<\/p>\n<p>Es gibt viel Hilfsbereitschaft in diesem Land. Menschen werden aufgenommen, immense Gelder gespendet. Trotzdem scheint es so, als wenn wir dadurch eher weniger als mehr respektiert werden.<br \/>\nWarum? Wer sich wie ein unterw\u00fcrfiger Hund ohne Selbstwertgef\u00fchl verh\u00e4lt, kann nicht respektiert werden \u2013 wenn sogar die Vertreter des Volkes (manche sagen auch Souver\u00e4n) sich so verhalten wie auf einer Demo in Hannover.<\/p>\n<p>\u201eDeutschland verrecke!\u201c<br \/>\n\u201eIn dem Demonstrationszug waren nach Medienberichten dar\u00fcber hinaus Rufe wie \u201eDeutschland verrecke\u201c und \u201eNie wieder Deutschland\u201c zu h\u00f6ren. Nach einem Bericht der \u201eHannoversche Allgemeine Zeitung\u201c konnten Roth und alle anderen die Parolen h\u00f6ren \u201eund liefen doch weiter mit\u201c. Wenn dies zutr\u00e4fe, m\u00fcsste sich eine Bundestagsvizepr\u00e4sidentin doch wenigstens hinterher davon distanzieren. Doch bisher Fehlanzeige. Auf Facebook emp\u00f6rt sie sich zuletzt nur \u00fcber unhaltbare Zust\u00e4nde am Lageso, dem Gel\u00e4nde des Berliner Landesamts f\u00fcr Gesundheit und Soziales f\u00fcr Fl\u00fcchtlinge.\u201c (Bayernkurier 4.12.15)<\/p>\n<p>&nbsp;<\/p>\n<p>&nbsp;<\/p>\n<p>&nbsp;<\/p>\n<p>&nbsp;<\/p>\n<p>&nbsp;<\/p>\n<p>&nbsp;<\/p>\n<p>&nbsp;<\/p>\n<p>&nbsp;<\/p>\n<p>&nbsp;<\/p>\n<p>&nbsp;<\/p>\n<p>&nbsp;<\/p>\n<p>&nbsp;<\/p>\n<p>&nbsp;<\/p>\n<p>&nbsp;<\/p>\n<p>&nbsp;<\/p>\n<p>&nbsp;<\/p>\n<p>&nbsp;<\/p>\n<p>&nbsp;<\/p>\n ","protected":false},"excerpt":{"rendered":"<p>Indien feiert heute den Republic Day. Am 26.Januar 1950 bekam das erst unabh\u00e4ngig gewordene Land seine erste Verfassung. Auf dem Bild sehen Sie Sadhguru, einen weltweit bekannten indischen spirituellen Lehrer und Aktivist vor tausenden seiner Anh\u00e4nger die indische Fahne schwingen. Er geh\u00f6rt\u00a0 keiner Partei an. Auch nicht der nationalistischen Hindupartei Bharatiya Janata des Ministerpr\u00e4sidenten Modi. &hellip; <\/p>\n<p class=\"link-more\"><a href=\"https:\/\/gpflug.de\/website\/2023\/01\/26\/das-gebrochene-volk\/\" class=\"more-link\"><span class=\"screen-reader-text\">\u201eDas gebrochene Volk\u201c <\/span>weiterlesen<\/a><\/p>\n","protected":false},"author":2,"featured_media":0,"comment_status":"closed","ping_status":"closed","sticky":false,"template":"","format":"standard","meta":{"slim_seo":{"title":"Das gebrochene Volk - Yoga Life Gerhard Pflug","description":"Indien feiert heute den Republic Day. Am 26.Januar 1950 bekam das erst unabh\u00e4ngig gewordene Land seine erste Verfassung. Auf dem Bild sehen Sie Sadhguru, einen"},"footnotes":""},"categories":[5],"tags":[],"class_list":["post-3146","post","type-post","status-publish","format-standard","hentry","category-kategorie-1"],"_links":{"self":[{"href":"https:\/\/gpflug.de\/website\/wp-json\/wp\/v2\/posts\/3146","targetHints":{"allow":["GET"]}}],"collection":[{"href":"https:\/\/gpflug.de\/website\/wp-json\/wp\/v2\/posts"}],"about":[{"href":"https:\/\/gpflug.de\/website\/wp-json\/wp\/v2\/types\/post"}],"author":[{"embeddable":true,"href":"https:\/\/gpflug.de\/website\/wp-json\/wp\/v2\/users\/2"}],"replies":[{"embeddable":true,"href":"https:\/\/gpflug.de\/website\/wp-json\/wp\/v2\/comments?post=3146"}],"version-history":[{"count":5,"href":"https:\/\/gpflug.de\/website\/wp-json\/wp\/v2\/posts\/3146\/revisions"}],"predecessor-version":[{"id":3152,"href":"https:\/\/gpflug.de\/website\/wp-json\/wp\/v2\/posts\/3146\/revisions\/3152"}],"wp:attachment":[{"href":"https:\/\/gpflug.de\/website\/wp-json\/wp\/v2\/media?parent=3146"}],"wp:term":[{"taxonomy":"category","embeddable":true,"href":"https:\/\/gpflug.de\/website\/wp-json\/wp\/v2\/categories?post=3146"},{"taxonomy":"post_tag","embeddable":true,"href":"https:\/\/gpflug.de\/website\/wp-json\/wp\/v2\/tags?post=3146"}],"curies":[{"name":"wp","href":"https:\/\/api.w.org\/{rel}","templated":true}]}}