{"id":2600,"date":"2021-09-18T20:51:33","date_gmt":"2021-09-18T18:51:33","guid":{"rendered":"https:\/\/gpflug.de\/website\/?p=2600"},"modified":"2021-09-18T20:59:01","modified_gmt":"2021-09-18T18:59:01","slug":"lasst-fahren-dahin-2","status":"publish","type":"post","link":"https:\/\/gpflug.de\/website\/2021\/09\/18\/lasst-fahren-dahin-2\/","title":{"rendered":"Lasst fahren dahin&#8230;"},"content":{"rendered":"<p><img loading=\"lazy\" decoding=\"async\" class=\"alignleft size-medium wp-image-2602\" src=\"https:\/\/gpflug.de\/website\/wp-content\/uploads\/2021\/09\/IMG_20210914_154337-300x151.jpg\" alt=\"IMG_20210914_154337\" width=\"300\" height=\"151\" srcset=\"https:\/\/gpflug.de\/website\/wp-content\/uploads\/2021\/09\/IMG_20210914_154337-300x151.jpg 300w, https:\/\/gpflug.de\/website\/wp-content\/uploads\/2021\/09\/IMG_20210914_154337-1024x515.jpg 1024w, https:\/\/gpflug.de\/website\/wp-content\/uploads\/2021\/09\/IMG_20210914_154337-768x387.jpg 768w, https:\/\/gpflug.de\/website\/wp-content\/uploads\/2021\/09\/IMG_20210914_154337-1536x773.jpg 1536w, https:\/\/gpflug.de\/website\/wp-content\/uploads\/2021\/09\/IMG_20210914_154337-2048x1031.jpg 2048w\" sizes=\"auto, (max-width: 300px) 100vw, 300px\" \/>Der Yogi zieht sich von der Welt zur\u00fcck, um sich ganz der Suche nach der Erleuchtung, das hei\u00dft, der Erkenntnis der absoluten Realit\u00e4t zu widmen. Dieses von der Welt Zur\u00fcckziehen ist so dahin gesagt, aber die Konsequenzen sind umfassend. Es bedeutet n\u00e4mlich, allem was die Welt zu bieten hat, zu entsagen.<\/p>\n<p>Aus alter Tradition sind die Kl\u00f6ster die Orte, an die man sich zu diesem Behuf zur\u00fcckzieht. Aber &#8211; wie Swami Vivekananda richtig sagte: \u201eWer es im normalen Leben nicht zu einer spirituellen Haltung schafft, schafft es auch hinter Klostermauern nicht.\u201c<\/p>\n<p>Wir kennen viele kluge Spr\u00fcche, wenn wir wieder einmal den Verlockungen der Welt anheim gefallen sind.<!--more--><\/p>\n<p>Hier eine kleine Auswahl:<\/p>\n<p>\u201eDer Geist ist willig, aber das Fleisch ist schwach.\u201c<\/p>\n<p>\u201eEinmal ist keinmal.\u201c<\/p>\n<p>\u201eAuf einem Bein steht sichs nicht gut.\u201c Usw.<\/p>\n<p>Und so verbringt der liebe Mensch sein Leben im Bem\u00fchen, die niederen Triebe und Verlockungen so gut es geht im Zaum zu halten. Wir versuchen, den Hass, den \u00c4rger und all die anderen negativen Gef\u00fchle durch Gedanken der Liebe zu ersetzen. Wenn wir immer wieder einmal \u201eversagen\u201c, stehen wir wieder auf. Auch hier stehen jede Menge aufmunternde Spr\u00fcche zur Verf\u00fcgung:<\/p>\n<p>\u201eDer Weg ist das Ziel.\u201c<\/p>\n<p>\u201eNicht hinfallen ist S\u00fcnde, sondern das Aufgeben.\u201c Usw.<\/p>\n<p>Werden wir einmal kurz hoch philosophisch, indem wir uns die Beziehung zwischen Geist (Purusha) und Materie (Prakrti), wie sie in den Yogasutren dargestellt ist, ansehen.<\/p>\n<p>Der Geist ist in sich vollkommen, von Beginn an, nur ist er sich selbst seiner nicht bewusst. Deswegen ben\u00f6tigt er die Hilfe der Materie. Durch individuell verschiedenes Karma verbindet sich der Purusha bei jeder Inkarnation mit der Konglomeration von Materie, die ihm die n\u00f6tigen Impulse gibt, um sich selbst zu erkennen.<\/p>\n<p>Ein bekanntes Beispiel f\u00fcr die Beziehung, die zwischen beiden besteht, ist das Bild mit dem Lahmen und dem Blinden. Der Purusha ist der Lahme, der den Blinden, die Materie, der sich aber bewegen kann, leitet.<\/p>\n<p>&nbsp;<\/p>\n<p>Kleiner Einschub: Gerade versuche ich mir vorzustellen, wie der letzte Satz gendergerecht hei\u00dfen m\u00fcsste? Blindinnen und Purushinnen oder Lahmende und Erblindende, halt geht ja nicht, die sind ja schon blind \u2013 Oh mein Gott!!<\/p>\n<p>&nbsp;<\/p>\n<p>Um dieses \u201eSich erkennen\u201c zu beschleunigen, wurde Yoga entwickelt, genauer gesagt der Achtfache Pfad. Das Beschreiten dieses Pfades in all seiner Konsequenz ist in den Yogasutren dargelegt.<\/p>\n<p>Aber &#8211; die Materie hat viele Wege, uns die Absurdit\u00e4t des Tanzes der Gunas, sprich dem Treiben der Welt, deutlich zu machen, auf dass wir mit immer mehr Abstand von ihr halten.<\/p>\n<p>Zum Beispiel die Bildzeitung. Die schrieb heute in einer Meldung zu einer Absage der kompletten Tournee von Nena f\u00fcr 2022: Warum sagt sie ab? \u201eAls Grund nannte sie coronabedingte Einschr\u00e4nkungen: \u201eIch stehe zu meiner Aussage: Auf einem Nena-Konzert sind ALLE MENSCHEN WILLKOMMEN. Hier in unserem Land geht es derzeit in eine ganz andere Richtung, und ich mache da nicht mit.\u201c<\/p>\n<p>Offensichtlich hatte sie sich \u00fcber Coronaregeln lustig gemacht und, laut Bild, ihre Fans bei Konzerten auch ermutigt, sich \u00fcber Regeln hinweg zu setzen.<\/p>\n<p>&nbsp;<\/p>\n<p>Nun, dar\u00fcber kann man denken, wie man will. Wenn ich mir die politischen Entscheidungen bez\u00fcglich dieses Themas in den letzten zwei Jahren anschaue, so gibt es da wahrlich genug Bockspr\u00fcnge hin und her und Tappen im Dunkeln.<\/p>\n<p>Die Zeitung schreibt weiter: \u201e &#8230;der Passauer Konzertveranstalter Oliver Forster hat ein Konzert mit ihr in Oberbayern abgesagt, nachdem sie in Baden &#8211; W\u00fcrttemberg Gast bei einer Privatparty war, bei der auch der deutschlandweit bekannte Querdenker Bodo Schiffmann und \u201eReichsb\u00fcrger\u201c Andreas-Heiko M\u00fcller anwesend waren.\u201c<\/p>\n<p>Das ist der eigentliche Skandal. Wo sind wir in diesem Land gelandet? Bei den Nazis gab es Sippenhaft. Auch Dissidenten aus diversen totalit\u00e4ren Systemen haben Angst um ihre Angeh\u00f6rigen, wenn sie sich kontrovers \u00e4u\u00dfern. Und wir? Das Land der Weltenretter? Wir unterscheiden uns nicht mehr sehr, wenn \u00fcberhaupt, von diesen Diktaturen. Wenn man seine eigene Meinung vertritt, wird man rausgeworfen.<\/p>\n<p>Ehrlich, wenn ich noch unterrichten w\u00fcrde, w\u00fcrde ich mir schwer \u00fcberlegen, diese Zeilen zu schreiben oder den ganzen Blog l\u00f6schen.<\/p>\n<p>Es ist ja nicht die einzige Meldung dieser Art. Wenn ich zur\u00fcckschaue auf die Zeit als langhaariger Gammler, die Hippiezeit, die 68er, die Vietnamdemos usw. \u00fcberkommt mich ein Gef\u00fchl der Macht &#8211; und Sinnlosigkeit allen Handelns im Au\u00dfen. Jetzt \u00fcben die, deren Vorg\u00e4nger gegen das Establishment k\u00e4mpften, eine Meinungsdiktatur aus, die keiner geahnt h\u00e4tte.<\/p>\n<p>Wahrlich, die Materie geht verschlungene Wege, um daf\u00fcr zu sorgen, dass dem Individuum die Absurdit\u00e4t des Weltgeschehens und die Sinnlosigkeit des sich Verstrickens in ihr deutlich wird.<\/p>\n<p>&nbsp;<\/p>\n<p>&nbsp;<\/p>\n<p>&nbsp;<\/p>\n<p>&nbsp;<\/p>\n<p>&nbsp;<\/p>\n<p>&nbsp;<\/p>\n<p>&nbsp;<\/p>\n<p>&nbsp;<\/p>\n<p>&nbsp;<\/p>\n<p>&nbsp;<\/p>\n<p>&nbsp;<\/p>\n ","protected":false},"excerpt":{"rendered":"<p>Der Yogi zieht sich von der Welt zur\u00fcck, um sich ganz der Suche nach der Erleuchtung, das hei\u00dft, der Erkenntnis der absoluten Realit\u00e4t zu widmen. Dieses von der Welt Zur\u00fcckziehen ist so dahin gesagt, aber die Konsequenzen sind umfassend. Es bedeutet n\u00e4mlich, allem was die Welt zu bieten hat, zu entsagen. Aus alter Tradition sind &hellip; <\/p>\n<p class=\"link-more\"><a href=\"https:\/\/gpflug.de\/website\/2021\/09\/18\/lasst-fahren-dahin-2\/\" class=\"more-link\"><span class=\"screen-reader-text\">\u201eLasst fahren dahin&#8230;\u201c <\/span>weiterlesen<\/a><\/p>\n","protected":false},"author":2,"featured_media":0,"comment_status":"closed","ping_status":"closed","sticky":false,"template":"","format":"standard","meta":{"slim_seo":{"title":"Lasst fahren dahin... - Yoga Life Gerhard Pflug","description":"Der Yogi zieht sich von der Welt zur\u00fcck, um sich ganz der Suche nach der Erleuchtung, das hei\u00dft, der Erkenntnis der absoluten Realit\u00e4t zu widmen. Dieses von der"},"footnotes":""},"categories":[8,5],"tags":[],"class_list":["post-2600","post","type-post","status-publish","format-standard","hentry","category-kategorie-3","category-kategorie-1"],"_links":{"self":[{"href":"https:\/\/gpflug.de\/website\/wp-json\/wp\/v2\/posts\/2600","targetHints":{"allow":["GET"]}}],"collection":[{"href":"https:\/\/gpflug.de\/website\/wp-json\/wp\/v2\/posts"}],"about":[{"href":"https:\/\/gpflug.de\/website\/wp-json\/wp\/v2\/types\/post"}],"author":[{"embeddable":true,"href":"https:\/\/gpflug.de\/website\/wp-json\/wp\/v2\/users\/2"}],"replies":[{"embeddable":true,"href":"https:\/\/gpflug.de\/website\/wp-json\/wp\/v2\/comments?post=2600"}],"version-history":[{"count":7,"href":"https:\/\/gpflug.de\/website\/wp-json\/wp\/v2\/posts\/2600\/revisions"}],"predecessor-version":[{"id":2608,"href":"https:\/\/gpflug.de\/website\/wp-json\/wp\/v2\/posts\/2600\/revisions\/2608"}],"wp:attachment":[{"href":"https:\/\/gpflug.de\/website\/wp-json\/wp\/v2\/media?parent=2600"}],"wp:term":[{"taxonomy":"category","embeddable":true,"href":"https:\/\/gpflug.de\/website\/wp-json\/wp\/v2\/categories?post=2600"},{"taxonomy":"post_tag","embeddable":true,"href":"https:\/\/gpflug.de\/website\/wp-json\/wp\/v2\/tags?post=2600"}],"curies":[{"name":"wp","href":"https:\/\/api.w.org\/{rel}","templated":true}]}}