{"id":1755,"date":"2019-09-17T08:56:14","date_gmt":"2019-09-17T06:56:14","guid":{"rendered":"http:\/\/gpflug.de\/website\/?p=1755"},"modified":"2019-09-17T09:08:33","modified_gmt":"2019-09-17T07:08:33","slug":"kamele-und-nadeloehre","status":"publish","type":"post","link":"https:\/\/gpflug.de\/website\/2019\/09\/17\/kamele-und-nadeloehre\/","title":{"rendered":"Kamele und Nadel\u00f6hre"},"content":{"rendered":"<p><img loading=\"lazy\" decoding=\"async\" class=\"alignleft size-medium wp-image-1757\" src=\"https:\/\/gpflug.de\/website\/wp-content\/uploads\/2019\/09\/P1030824-300x225.jpg\" alt=\"\" width=\"300\" height=\"225\" srcset=\"https:\/\/gpflug.de\/website\/wp-content\/uploads\/2019\/09\/P1030824-300x225.jpg 300w, https:\/\/gpflug.de\/website\/wp-content\/uploads\/2019\/09\/P1030824-768x576.jpg 768w, https:\/\/gpflug.de\/website\/wp-content\/uploads\/2019\/09\/P1030824-1024x768.jpg 1024w\" sizes=\"auto, (max-width: 300px) 100vw, 300px\" \/>\u201eLeichter kommt ein Kamel durch ein Nadel\u00f6hr als dass ein Reicher ins Himmelreich kommt.\u201c So sprach Jesus zu seinen J\u00fcngern. \u201eGib all dein Hab und Gut hinweg, auf dass du bereit seist f\u00fcr die spirituelle Erfahrung der absoluten Freiheit des Nichtanhaftens an materiellen G\u00fctern.\u201c<\/p>\n<p>Loslassen, das gro\u00dfe Zauberwort aller geistigen und esoterischen Schulen, ist der Weg zur Erleuchtung.<\/p>\n<p>Bisher lag das Beschreiten dieses Weges in der Verantwortung des Einzelnen. Schon im alten Indien war der vierte Schritt des klassischen brahmanischen Lebenslaufs das endg\u00fcltige Verlassen von Weib und Kind, von Haus und Hof, um hinfort ohne Besitz auf Wanderschaft zu gehen.<!--more--><\/p>\n<p>Im Moment ist eine gro\u00dfe Bewegung zur Unterst\u00fctzung des materiellen Loslassens \u00fcber die westliche Welt gekommen. Vor allem die deutsche Regierung wird sich ihrer Verantwortung f\u00fcr das spirituelle Wachstum ihrer B\u00fcrger, vor allem der schon l\u00e4nger hier lebenden, immer bewusster.<\/p>\n<p>Nachdem viele Jahre der Diesel als umweltfreundlicher Kraftstoff propagiert wurde, werden Besitzer von Fortbewegungsmitteln, angetrieben von Diesel, durch einen konsequenten Schub des materiellen Loslassens auf den richtigen Weg gebracht. Die neue Generation von Dieselmotoren ist zwar genauso sauber wie Benziner, aber wen k\u00fcmmern so l\u00e4cherliche Kleinigkeiten.<\/p>\n<p>Denn, inzwischen wird immer deutlicher, dass das Auto insgesamt von \u00dcbel ist, zumindest das Kraftstoff getriebene. Vor allem die sogenannten SUVS sind eine Ausgeburt der H\u00f6lle. Es seien Panzer, die auf harmlose B\u00fcrger losgelassen werden. Ihr Benzinverbrauch sprengt alle vern\u00fcnftigen Grenzen. Das ist richtig! Aber was den Panzervorwurf anbelangt schl\u00e4gt sie jeder Sprinter von UPS um ein leichtes. Selbst der alte Bully der Alternativen mit dem Indianerspruch hintendrauf: \u201eErst wenn der letzte Baum&#8230;\u201c hat die gleiche t\u00f6dliche Wirkung, wenn er auf menschliche Knochen st\u00f6\u00dft. Aber das ist ja was ganz anderes, oder etwa nicht?<\/p>\n<p>Also weg mit den SUVS. Den Besitzern wird auch schon hie und da geholfen, wenn sie das noch nicht so ganz einsehen. Sie brennen gut und der Verlust von einigen Zehntausend Euro ist der richtige Schritt hin zum Loslassen.<\/p>\n<p>Die ganze deutsche Autoindustrie sitzt mittlerweile auf der Anklagebank. Zu gro\u00df, zu schwer, zu protzig lautet der Vorwurf. Die Kinderwagen meiner Enkel sind inzwischen schon so gro\u00df geworden, dass sie in einen Kleinwagen gar nicht passen w\u00fcrden.<\/p>\n<p>Anl\u00e4sslich der IAA in Frankfurt wird auch bei den Demos gegen die Autos schon erw\u00e4hnt, dass diese auch mit \u201eunkonventionellen\u201c Mitteln bek\u00e4mpft werden k\u00f6nnen. Die Jaguarzentrale in Kronberg im Taunus hat das k\u00fcrzlich erfahren. Dort brannten einige dieser Teufelsfahrzeuge. So richtig mit dem Loslassen geht es erst an, wenn die Zulieferindustrie in Schwierigkeiten kommt. Immerhin h\u00e4ngen am Automobil 1,8 Mill. Arbeitspl\u00e4tze. Wenn Papa arbeitslos wird, dann f\u00e4hrt die Familie auch nicht mehr nach Timmendorf. Ibiza ist sowieso mega out, denn ohne Flugzeug kommt man da von Deutschland aus nicht hin.<\/p>\n<p>Ganz anders verh\u00e4lt es sich mit Elektroautos. Sie emittieren keine Schadstoffe an die Umwelt, weil der Strom daf\u00fcr aus der Steckdose kommt und nicht aus h\u00e4sslichen Kohlekraftwerken. Auch die tonnenschweren Batterien mit all den seltenen Erden und deren Entsorgung ist umweltfreundlich. Die Anschaffung soll gef\u00f6rdert werden. Da sie in der Regel nicht weiter als 450 km fahren, f\u00e4llt die Fahrt an den Gardasee aus. F\u00fcr mich w\u00fcrde das auch den Besuchsstop bei meinen Enkeln im Ruhrgebiet bedeuten. Es sei denn, ich h\u00e4tte einen Elektrozweitwagen, den ich mir nicht leisten kann, denn Schn\u00e4ppchen sind das nicht.<\/p>\n<p>Greta hat die Richtung auch schon vorgegeben, indem sie schadstoffarm \u00fcber den Atlantik gesegelt ist. Da wir auch das Fliegen sein lassen, uns gar darob sch\u00e4men sollten, werden in Zukunft ganze Armadas von Segelbooten \u00fcber die Weltmeere unterwegs sein. Der globale Handel wird stark verlangsamt und die heimischen Schuh- und Textilmanufakturen werden wieder zu neuer Bl\u00fcte gelangen. Da fast die ganze Elektronik, einschlie\u00dflich der Handys aus Fernost kommt, werden die Fruchtzwerge Freitagnachmittag auch das Handy loslassen m\u00fcssen. Wir werden uns wieder Briefe schreiben und feste Uhrzeiten f\u00fcr unsere Treffen ausmachen m\u00fcssen. Keine Flashmobs, Spielekonsolen und Gaming- PC&#8217;s mehr. Wenn wir schon wieder auf Segelbooten \u00fcbers Meer fahren, dann sollten wir auch ernsthaft \u00fcber die Zukunft der Fortbewegung zu Lande nachdenken. Mir f\u00e4llt da auch nichts Geeignetes ein, denn Pferde fallen flach wegen des CO2-Aussto\u00dfes wie bei den K\u00fchen auch. Die sind ja ebenfalls schon ins Gerede gekommen.<\/p>\n<p>Ich geh\u00f6re ja zu den mittlerweile verfemten alten, wei\u00dfen M\u00e4nnern. Paradoxerweise wird uns das Loslassen \u00fcberhaupt nicht schwerfallen. Wir kehren einfach zur\u00fcck zu den Zeiten unserer Kindheit nach dem Krieg. Da gab es kein Shopping, sondern man kaufte, was man brauchte. Mein Zimmer (erst ab 14 ein eigenes, vorher schlief ich auf der Couch im Wohnzimmer) wurde auch im Winter nicht geheizt, wozu gab es Pullover? McDonalds gab es auch nicht, sondern Butterbrote mit Senf. Mein erstes Fahrrad bekam ich mit 12. Vorher fuhren wir mit Erwachsenenfahrr\u00e4dern unter der Stange durch. Wenn die Hose zu kurz wurde, dann n\u00e4hten die M\u00fctter eine farbige Borte unten an. Wehe man trat Steine mit den Schuhen. Die mussten geschont werden, usw, usw&#8230;<\/p>\n<p>Ein Gedanke zog sich durch unser ganzes Leben: \u201eUnsere Kinder sollen es einmal besser haben.\u201c Das ist gelungen. Die ganzen Trendshops zeugen davon. Was macht es schon aus, wenn man jede Woche ein bisschen shoppen geht? Ein neues T-Shirt oder Top? Auch das wird flachfallen, denn es kommt mit Containerschiffen aus Fernost. Pfui Teufel! Heute kennen Kinder schon in jungen Jahren die Welt. Ich war mit 15 das erste Mal im Ausland, in \u00d6sterreich. In Zukunft wird es wieder hei\u00dfen: &#8222;Bleibe im Lande und n\u00e4hre dich redlich.&#8220; Wir brauchen auch gar nicht mehr in die weite Welt, denn durch Frau Merkels Bem\u00fchungen kommt sie zu uns. Ob die Neub\u00fcrger bei dem ganzen Verzicht mitmachen, bezweifele ich, denn erst muss man was haben bevor man es loslassen kann.<\/p>\n<p>Als der damalige Berliner Finanzsenator Thilo Sarazzin vor einigen Jahren vorschlug, Harz-Vier-Empf\u00e4nger sollten in der k\u00fchlen Jahreszeit Pullover in der Wohnung anziehen, um Heizung zu sparen, ging ein Protestaufschrei durch die Medienlandschaft. F\u00fcr mich war das mein Leben lang selbstverst\u00e4ndlich, dass man sich erst mal w\u00e4rmer anzieht, bevor geheizt wird. Wenn das alle machen w\u00fcrden, w\u00e4re das energiefreundlicher als alles Gerede von Flugscham und Kreuzfahrtscham.<\/p>\n<p>Ich glaube, den Jungen mit ihrer Pseudoreligion \u201eKlimakrise\u201c ist gar nicht klar, worauf sie sich da einlassen.<\/p>\n<p>Manchmal sehe ich Bilder vor mir von Menschen, hungrigen Menschen in den Slums von Bombay, an den Bahnd\u00e4mmen von Chennay und auf den \u00fcberf\u00fcllten Stra\u00dfen von Nairobi &#8211; da, wo wirkliche Not herrscht und wo die Masse der Menschheit wohnt. Dort, wo der Hunger nach Wohlstand aus den Augen springt und man alles zu tun bereit ist, um da hin zu kommen, wo wir sind.<\/p>\n<p>Man wird diesen Menschen das nicht verwehren k\u00f6nnen. China und Indien zusammen sind f\u00fcr ungef\u00e4hr 50 % des weltweiten CO2-Aussto\u00dfes verantwortlich.<\/p>\n<p>Wenn bei uns die Energie so teuer geworden ist, dass die Industrie das nicht mehr bezahlen will, werden dort die gro\u00dfen Werke gebaut und zwar nicht so umweltfreundlich wie bei uns.<\/p>\n ","protected":false},"excerpt":{"rendered":"<p>\u201eLeichter kommt ein Kamel durch ein Nadel\u00f6hr als dass ein Reicher ins Himmelreich kommt.\u201c So sprach Jesus zu seinen J\u00fcngern. \u201eGib all dein Hab und Gut hinweg, auf dass du bereit seist f\u00fcr die spirituelle Erfahrung der absoluten Freiheit des Nichtanhaftens an materiellen G\u00fctern.\u201c Loslassen, das gro\u00dfe Zauberwort aller geistigen und esoterischen Schulen, ist der &hellip; <\/p>\n<p class=\"link-more\"><a href=\"https:\/\/gpflug.de\/website\/2019\/09\/17\/kamele-und-nadeloehre\/\" class=\"more-link\"><span class=\"screen-reader-text\">\u201eKamele und Nadel\u00f6hre\u201c <\/span>weiterlesen<\/a><\/p>\n","protected":false},"author":2,"featured_media":0,"comment_status":"closed","ping_status":"closed","sticky":false,"template":"","format":"standard","meta":{"slim_seo":{"title":"Kamele und Nadel\u00f6hre - Yoga Life Gerhard Pflug","description":"\u201eLeichter kommt ein Kamel durch ein Nadel\u00f6hr als dass ein Reicher ins Himmelreich kommt.\u201c So sprach Jesus zu seinen J\u00fcngern. \u201eGib all dein Hab und Gut hinweg, a"},"footnotes":""},"categories":[8,5],"tags":[],"class_list":["post-1755","post","type-post","status-publish","format-standard","hentry","category-kategorie-3","category-kategorie-1"],"_links":{"self":[{"href":"https:\/\/gpflug.de\/website\/wp-json\/wp\/v2\/posts\/1755","targetHints":{"allow":["GET"]}}],"collection":[{"href":"https:\/\/gpflug.de\/website\/wp-json\/wp\/v2\/posts"}],"about":[{"href":"https:\/\/gpflug.de\/website\/wp-json\/wp\/v2\/types\/post"}],"author":[{"embeddable":true,"href":"https:\/\/gpflug.de\/website\/wp-json\/wp\/v2\/users\/2"}],"replies":[{"embeddable":true,"href":"https:\/\/gpflug.de\/website\/wp-json\/wp\/v2\/comments?post=1755"}],"version-history":[{"count":6,"href":"https:\/\/gpflug.de\/website\/wp-json\/wp\/v2\/posts\/1755\/revisions"}],"predecessor-version":[{"id":1762,"href":"https:\/\/gpflug.de\/website\/wp-json\/wp\/v2\/posts\/1755\/revisions\/1762"}],"wp:attachment":[{"href":"https:\/\/gpflug.de\/website\/wp-json\/wp\/v2\/media?parent=1755"}],"wp:term":[{"taxonomy":"category","embeddable":true,"href":"https:\/\/gpflug.de\/website\/wp-json\/wp\/v2\/categories?post=1755"},{"taxonomy":"post_tag","embeddable":true,"href":"https:\/\/gpflug.de\/website\/wp-json\/wp\/v2\/tags?post=1755"}],"curies":[{"name":"wp","href":"https:\/\/api.w.org\/{rel}","templated":true}]}}